{"id":13141,"date":"2020-10-17T20:56:56","date_gmt":"2020-10-17T20:56:56","guid":{"rendered":"http:\/\/demo.bkns.biz\/blog\/?p=13141"},"modified":"2020-10-05T02:34:56","modified_gmt":"2020-10-05T02:34:56","slug":"aline-rencontre","status":"publish","type":"post","link":"http:\/\/demo.bkns.biz\/blog\/2020\/10\/17\/aline-rencontre\/","title":{"rendered":"Aline Rencontre"},"content":{"rendered":"<p>OnVillaNuit : Quelles ont \u00e9t\u00e9 vos influences pour cet album? En v\u00e9rit\u00e9, je souhaitais juste parler un peu de mon nouveau blog TheBBoost, de faire conna\u00eetre mes articles. \u00c7a a commenc\u00e9 comme \u00e7a, je nai pas cherch\u00e9 plus loin. Puis petit \u00e0 petit le blog et le compte IG ont pris de lampleur, et jai commenc\u00e9 \u00e0 me renseigner plus s\u00e9rieusement sur Instagram comme vrai r\u00e9seau social strat\u00e9gique pour ce qui allait devenir un business pour moi. Ce film est loccasion de mieux comprendre les opportunit\u00e9s que peuvent cr\u00e9er un environnement plus \u00e9galitaire, une mentalit\u00e9 plus ouverte.  <img decoding=\"async\" src=\"http:\/\/www.toutma.fr\/wp-content\/uploads\/2018\/06\/CB-JoOne2.jpg\" alt=\"aline rencontre\" align=\"right\"> Jos\u00e9 Will, dans les sous-sols du centre de congr\u00e8s, a d\u00fb d\u00e9serter. Le chef du service d\u00e9cor au Palais des festivals fait partie des 93 demploy\u00e9s au ch\u00f4mage partiel, forc\u00e9 par la suppression en cascade de tous les \u00e9v\u00e9nements cannois au moins jusqu\u00e0 septembre. \u00c7a fait 33 ans que jy travaille et cest la premi\u00e8re fois que je vais vivre une ann\u00e9e sans festival, raconte-t-il. Jos\u00e9 Will, le responsable du service d\u00e9cor au Palais des festivals, dans sa r\u00e9serve de tapis rouge-F. Binacchi ANP 20 Minutes <img decoding=\"async\" src=\"http:\/\/www.crdp-strasbourg.fr\/wp-content\/uploads\/affiche_28012015.jpg\" alt=\"aline rencontre\" align=\"left\"> To view this video please enable JavaScript, and consider upgrading to a web browser that <img decoding=\"async\" src=\"http:\/\/www.alinedeguy.com\/wp-content\/uploads\/2014\/05\/photographe-studio-femme-enceinte-92-Aline-Deguy-3.jpg\" alt=\"aline rencontre\" align=\"right\"> AS : Jy ai suivi mon mari qui a souhait\u00e9 se relocaliser dans la banlieue de Chicago apr\u00e8s une expatriation de 5 ans. Tes propositions sont tout \u00e0 fait proches des r\u00e9flexions que nous avons lors de nos r\u00e9unions. Je crois que mon entourage \u00e9tait plus convaincu que moi. Apr\u00e8s l\u00e9chec de 2013, jallais au casting sans trop oser y croire! Le sentiment de libert\u00e9 quil \u00e9voque va de pair avec une certaine forme de solitude qui saccentue forc\u00e9ment aujourdhui. Ces temps, je ne dors pas bien, confie S\u00e9bastien Ribeaud, aff\u00fbteur pour lindustrie. Evidemment que la situation minqui\u00e8te, car cela va prendre du temps pour relancer la machine. Quelques minutes apr\u00e8s cet entretien, il rencontre dailleurs un client qui linforme quil ne lui donnera plus de travail jusqu\u00e0 la fin de la crise. Perdus dans les d\u00e9dales de ladministration Laspect relationnel : jai la chance de suivre les mari\u00e9s tout au long de la journ\u00e9e, de tisser avec eux un lien qui devient assez souvent amical et je rencontre des gens tellement enrichissants.  Alix Geysels-Lectrice et cr\u00e9atrice recycleuse.. Notamment Pour une visite comprise entre le 15 juin et le 10 juillet 2020 inclus, du lundi au vendredi selon le calendrier douverture Inscription obligatoire 100 Gratuit pour valider votre r\u00e9ponse Anne Flore et Aline \u00e0 la rencontre des Islandaises, f\u00e9ministes de la premi\u00e8re heure GRAVITY LADIES The nickname must not be misleading sample problem: admin, OVS Un ailleurs dinspiration au coeur de la campagne vend\u00e9enne, \u00e0 8 mn du Puy du Fou, entre Nantes et La Rochelle. Le Mas des Roches est n\u00e9 du d\u00e9sir de cr\u00e9er un lien privil\u00e9gi\u00e9 de rencontre et de partage o\u00f9 se fondent nature culture et paysages dans le respect de lidentit\u00e9 et la tradition. On partage la m\u00eame admiration pour Arcadi Volodos, Aline Piboule cite ensuite volontiers Martha Argerich ou Wilhelm Kempff, Marcelle Meyer, Yvonne Lef\u00e9bure mais il y beaucoup de pianistes fran\u00e7ais que jappr\u00e9cie, notamment Philippe Cassard pour son art du phras\u00e9. Projets .<\/p>\n","protected":false},"excerpt":{"rendered":"<p>aline rencontre<\/p>\n","protected":false},"author":1,"featured_media":0,"comment_status":"closed","ping_status":"closed","sticky":false,"template":"","format":"standard","meta":{"footnotes":""},"categories":[1],"tags":[],"_links":{"self":[{"href":"http:\/\/demo.bkns.biz\/blog\/wp-json\/wp\/v2\/posts\/13141"}],"collection":[{"href":"http:\/\/demo.bkns.biz\/blog\/wp-json\/wp\/v2\/posts"}],"about":[{"href":"http:\/\/demo.bkns.biz\/blog\/wp-json\/wp\/v2\/types\/post"}],"author":[{"embeddable":true,"href":"http:\/\/demo.bkns.biz\/blog\/wp-json\/wp\/v2\/users\/1"}],"replies":[{"embeddable":true,"href":"http:\/\/demo.bkns.biz\/blog\/wp-json\/wp\/v2\/comments?post=13141"}],"version-history":[{"count":1,"href":"http:\/\/demo.bkns.biz\/blog\/wp-json\/wp\/v2\/posts\/13141\/revisions"}],"predecessor-version":[{"id":13142,"href":"http:\/\/demo.bkns.biz\/blog\/wp-json\/wp\/v2\/posts\/13141\/revisions\/13142"}],"wp:attachment":[{"href":"http:\/\/demo.bkns.biz\/blog\/wp-json\/wp\/v2\/media?parent=13141"}],"wp:term":[{"taxonomy":"category","embeddable":true,"href":"http:\/\/demo.bkns.biz\/blog\/wp-json\/wp\/v2\/categories?post=13141"},{"taxonomy":"post_tag","embeddable":true,"href":"http:\/\/demo.bkns.biz\/blog\/wp-json\/wp\/v2\/tags?post=13141"}],"curies":[{"name":"wp","href":"https:\/\/api.w.org\/{rel}","templated":true}]}}