{"id":13621,"date":"2020-10-17T16:02:29","date_gmt":"2020-10-17T16:02:29","guid":{"rendered":"http:\/\/demo.bkns.biz\/blog\/?p=13621"},"modified":"2020-10-05T17:50:18","modified_gmt":"2020-10-05T17:50:18","slug":"rencontre-du-film-de-montagne-gap-2","status":"publish","type":"post","link":"http:\/\/demo.bkns.biz\/blog\/2020\/10\/17\/rencontre-du-film-de-montagne-gap-2\/","title":{"rendered":"Rencontre Du Film De Montagne Gap"},"content":{"rendered":"<p><img decoding=\"async\" src=\"http:\/\/resize-parismatch.ladmedia.fr\/img\/var\/news\/storage\/images\/paris-match\/people\/politique\/alina-kabaeva-la-seconde-dame-de-russie-161729\/1696172-1-fre-FR\/Alina-Kabaeva-la-Seconde-dame-de-Russie.jpg\" alt=\"rencontre du film de montagne gap\" align=\"center\">  Chaque ann\u00e9e, ce sont plus de 20 000 visiteurs qui se retrouvent sur une semaine dans la grande salle du Palais des sports de Grenoble \u00e0 loccasion des Rencontres Cin\u00e9montagne, lun des plus importants rendez-vous cin\u00e9matographiques de montagne en Europe. Le tout en pr\u00e9sence des protagonistes des films et de nombreuses l\u00e9gendes internationales de la montagne. Association europeenne contre les leucodystrophies Le programme de la 18\u00e8me \u00e9dition de cet \u00e9v\u00e9nement est \u00e0 d\u00e9couvrir sur. Film sonore en noir et blanc de 40 minutes environ, r\u00e9alis\u00e9 par Marcel ICHAC et produit par lOffice du tourisme des Hautes-Alpes proposant la d\u00e9couverte des Hautes-Alpes au d\u00e9part de Sisteron et qui se termine \u00e0 4 102 m\u00e8tres daltitude, au sommet de la barre des Ecrins. Nous avons commenc\u00e9 cette aventure il y a plus de 20 ans, cr\u00e9\u00e9 lassociation, investi dans du mat\u00e9riel de num\u00e9risation, embauch\u00e9 du personnel pour collecter, num\u00e9riser et diffuser des films. Nous avons cr\u00e9\u00e9 un bel outil, La Cin\u00e9math\u00e8que de Montagne, qui arrive aujourdhui \u00e0 maturit\u00e9 mais elle nexistera pas r\u00e9ellement tant quelle ne sera pas ouverte au public. Copyright 2016 Explos Festival All Rights Reserved Powered by Vent stec_replace_current_wind stec_replace_current_wind_units stec_replace_current_wind_direction Dans la R\u00e9serve naturelle Chastreix-Sancy et au Puy de La Vache et Lassolas. Pour \u00eatre inform\u00e9 de nos actualit\u00e9s et promos du r\u00e9seau national G\u00eetes de France, laissez nous votre email. <img decoding=\"async\" src=\"http:\/\/www.cimalpes.fr\/files\/975\/2015_RENCONTRES_VERTICAL_A3.jpg\" alt=\"rencontre du film de montagne gap\" align=\"center\">  Festival Images Montagne Lons 64 du 6 au 9 novembre 2019. <img decoding=\"async\" src=\"http:\/\/cdn2_3.reseaudesvilles.fr\/cities\/65\/images\/1i6qo0zdclotikt.jpg\" alt=\"rencontre du film de montagne gap\" align=\"left\"> Depuis que jai cr\u00e9\u00e9 la CIM je suis convaincu que lidentit\u00e9 montagnarde existe dans les Hautes-Alpes, m\u00eame \u00e0 Gap, affirme Gilles Charansol! Les gens aiment la montagne, la pratique, \u00e0 tous les \u00e2ges, cest pourquoi ces Rencontres souvrent \u00e0 tous les \u00e2ges. Je vois des grands-parents venir avec leurs petits-enfants, des jeunes et des moins jeunes. Les 7\u00e8mes Rencontres du cin\u00e9ma de Gap-dont la FFCAM est partenaire, auront lieu du 12 au 14 novembre au Quattro.  Des projections itin\u00e9rantes sont organis\u00e9es sur les des et des. Histoire generale de Dauphin\u00e9 d\u00e9puis lan M. De N S. Jusques \u00e0 nos jours.. By Nicolas Chorier, Thioly The Pathan project, une aventure du Brian\u00e7onnais Mathieu Maynadier et de ses copains Belges et Argentins. Forum des Images, Salle 500 2 rue du Cin\u00e9ma, 75001 Paris-Saint-Eynard, solide comme un roc, 15 mn. R\u00e9alisation S\u00e9bastien Gominet www.alpiniste.fr Grand choix de marques! Exp\u00e9dition dans les 24h! Livraison gratuite \u00e0 partir de 50.<\/p>\n","protected":false},"excerpt":{"rendered":"<p>rencontre du film de montagne gap<\/p>\n","protected":false},"author":1,"featured_media":0,"comment_status":"closed","ping_status":"closed","sticky":false,"template":"","format":"standard","meta":{"footnotes":""},"categories":[1],"tags":[],"_links":{"self":[{"href":"http:\/\/demo.bkns.biz\/blog\/wp-json\/wp\/v2\/posts\/13621"}],"collection":[{"href":"http:\/\/demo.bkns.biz\/blog\/wp-json\/wp\/v2\/posts"}],"about":[{"href":"http:\/\/demo.bkns.biz\/blog\/wp-json\/wp\/v2\/types\/post"}],"author":[{"embeddable":true,"href":"http:\/\/demo.bkns.biz\/blog\/wp-json\/wp\/v2\/users\/1"}],"replies":[{"embeddable":true,"href":"http:\/\/demo.bkns.biz\/blog\/wp-json\/wp\/v2\/comments?post=13621"}],"version-history":[{"count":1,"href":"http:\/\/demo.bkns.biz\/blog\/wp-json\/wp\/v2\/posts\/13621\/revisions"}],"predecessor-version":[{"id":13622,"href":"http:\/\/demo.bkns.biz\/blog\/wp-json\/wp\/v2\/posts\/13621\/revisions\/13622"}],"wp:attachment":[{"href":"http:\/\/demo.bkns.biz\/blog\/wp-json\/wp\/v2\/media?parent=13621"}],"wp:term":[{"taxonomy":"category","embeddable":true,"href":"http:\/\/demo.bkns.biz\/blog\/wp-json\/wp\/v2\/categories?post=13621"},{"taxonomy":"post_tag","embeddable":true,"href":"http:\/\/demo.bkns.biz\/blog\/wp-json\/wp\/v2\/tags?post=13621"}],"curies":[{"name":"wp","href":"https:\/\/api.w.org\/{rel}","templated":true}]}}