{"id":13637,"date":"2020-10-17T15:56:43","date_gmt":"2020-10-17T15:56:43","guid":{"rendered":"http:\/\/demo.bkns.biz\/blog\/?p=13637"},"modified":"2020-10-05T18:12:00","modified_gmt":"2020-10-05T18:12:00","slug":"maison-rencontre-ecully-69130","status":"publish","type":"post","link":"http:\/\/demo.bkns.biz\/blog\/2020\/10\/17\/maison-rencontre-ecully-69130\/","title":{"rendered":"Maison Rencontre Ecully 69130"},"content":{"rendered":"<p> Le jeudi de 09h00 \u00e0 12h30 et de 14h00 \u00e0 18h00 Du mardi au mercredi de 09h00 \u00e0 12h30 et de 14h00 \u00e0 19h00 Le vendredi de 09h00 \u00e0 12h30 Le samedi de 10h00 \u00e0 12h00 Note: Accueil ouvert uniquement le 1er et 3e samedi du mois. Caisse dallocations familiales Caf du Rh\u00f4ne-accueil de Lyon 8e 1 place du 8-Mai-1945 69008 Lyon  Caisse dallocations familiales Caf du Rh\u00f4ne-accueil de Lyon-9e arrondissement Contact Qui sommes-nous Recrutement Publicit\u00e9 CGU Politique de cookies Donn\u00e9es Personnelles Revue de presse Jeux concours Comment les annonces sont-elles class\u00e9es sur notre Site? <img decoding=\"async\" src=\"http:\/\/www.2ci2la.fr\/wp-content\/uploads\/2011\/08\/Elodie-M-01.jpg\" alt=\"maison rencontre ecully 69130\" align=\"center\"> parc de la maison de la rencontre \u00e0 Ecully 69 par ATELIER DU BOCAL paysagistes homify Pour les aidants souhaitant accompagner leur proche La maison propose \u00e9galement des s\u00e9jours familiaux, pour lesquels un ou plusieurs proches peuvent \u00eatre accueillis dans la chambre de la personnes malade ou handicap\u00e9e ou dans des chambres s\u00e9par\u00e9es, ou dans un studio familial, pour un temps de r\u00e9pit et daccompagnement en vue dun retour plus serein au domicile : DREAL proche de \u00c9cully Direction r\u00e9gionale de lenvironnement, de lam\u00e9nagement et du logement-Rh\u00f4ne-Alpes <img decoding=\"async\" src=\"http:\/\/www.ville-ecully.fr\/sites\/ecully\/IMG\/jpg\/hall_d_accueil.jpg\" alt=\"maison rencontre ecully 69130\" align=\"center\"> Du lundi au vendredi de 09h00 \u00e0 12h30 et de 14h00 \u00e0 17h30 31 annonces de vente de maisons \u00e0 \u00c9cully 69, Seloger.com CAF proches de \u00c9cully Caisse dallocations familiales Caf du Rh\u00f4ne-accueil administratif de Saint-Fons La Maison des Adolescents du Rh\u00f4ne \u00e0 Lyon MDA 69 est un lieu daccueil inconditionnel et gratuit, daccompagnement, dorientation et de soins des adolescents de 11 \u00e0 21 ans etou de leur famille. Greta-Tertiaire Lyc\u00e9e Albert-Camus 2179, avenue de lEurope 69140 Rillieux-la-Pape  Caisse primaire dassurance maladie CPAM du Rh\u00f4ne-accueil de Meyzieu 20 rue Lucien-Buisson 69330 Meyzieu-Italie, Varenna, Lac de C\u00f4me, Iperuranio, Villa Monastero, du 1er au 15 juin 2017. <img decoding=\"async\" src=\"http:\/\/www.ecully-et-vous.fr\/wp-content\/uploads\/2016\/02\/IMG_3710.jpg\" alt=\"maison rencontre ecully 69130\" align=\"center\">.<\/p>\n","protected":false},"excerpt":{"rendered":"<p>maison rencontre ecully 69130<\/p>\n","protected":false},"author":1,"featured_media":0,"comment_status":"closed","ping_status":"closed","sticky":false,"template":"","format":"standard","meta":{"footnotes":""},"categories":[1],"tags":[],"_links":{"self":[{"href":"http:\/\/demo.bkns.biz\/blog\/wp-json\/wp\/v2\/posts\/13637"}],"collection":[{"href":"http:\/\/demo.bkns.biz\/blog\/wp-json\/wp\/v2\/posts"}],"about":[{"href":"http:\/\/demo.bkns.biz\/blog\/wp-json\/wp\/v2\/types\/post"}],"author":[{"embeddable":true,"href":"http:\/\/demo.bkns.biz\/blog\/wp-json\/wp\/v2\/users\/1"}],"replies":[{"embeddable":true,"href":"http:\/\/demo.bkns.biz\/blog\/wp-json\/wp\/v2\/comments?post=13637"}],"version-history":[{"count":1,"href":"http:\/\/demo.bkns.biz\/blog\/wp-json\/wp\/v2\/posts\/13637\/revisions"}],"predecessor-version":[{"id":13638,"href":"http:\/\/demo.bkns.biz\/blog\/wp-json\/wp\/v2\/posts\/13637\/revisions\/13638"}],"wp:attachment":[{"href":"http:\/\/demo.bkns.biz\/blog\/wp-json\/wp\/v2\/media?parent=13637"}],"wp:term":[{"taxonomy":"category","embeddable":true,"href":"http:\/\/demo.bkns.biz\/blog\/wp-json\/wp\/v2\/categories?post=13637"},{"taxonomy":"post_tag","embeddable":true,"href":"http:\/\/demo.bkns.biz\/blog\/wp-json\/wp\/v2\/tags?post=13637"}],"curies":[{"name":"wp","href":"https:\/\/api.w.org\/{rel}","templated":true}]}}