{"id":13693,"date":"2020-10-17T09:30:56","date_gmt":"2020-10-17T09:30:56","guid":{"rendered":"http:\/\/demo.bkns.biz\/blog\/?p=13693"},"modified":"2020-10-05T19:35:27","modified_gmt":"2020-10-05T19:35:27","slug":"espace-rencontre-strasbourg","status":"publish","type":"post","link":"http:\/\/demo.bkns.biz\/blog\/2020\/10\/17\/espace-rencontre-strasbourg\/","title":{"rendered":"Espace Rencontre Strasbourg"},"content":{"rendered":"<p>Buzz Aldrin a prolong\u00e9 son s\u00e9jour \u00e0 Strasbourg pour assister \u00e0 la rencontre. Photo DNAJean-Fran\u00e7ois BADIAS Urbanisme durable, in : Aur\u00c3lie Chon\u00c3, Isabelle Hajek, Philippe Hamman dir, Guide des Humanit\u00c3s environnementales, Villeneuve d\u00e2Ascq, Presses universitaires du Septentrion, coll. Environnement et soci\u00c3t\u00c3, 2016, p 201-212. <img decoding=\"async\" src=\"http:\/\/www.estes.fr\/sites\/all\/themes\/estes\/images\/bandeau\/bandeau_eseis_ssi.jpg\" alt=\"espace rencontre strasbourg\" align=\"center\"> Bien au-del\u00e0 dun traditionnel espace de Co-working, cest le premier lieu de vie plac\u00e9 sous le sceau de linnovation,  <img decoding=\"async\" src=\"http:\/\/www.courantdart-voix.com\/images\/rencontremusebdf.jpg\" alt=\"espace rencontre strasbourg\" align=\"left\"> Salut, je te conseille cet \u00e9v\u00e8nement : Rencontre avec Mireille Horsinga-Renno \u00e0 lEspace culturel E Leclerc \u00e0 Obernai-Samedi 8 f\u00e9vrier 2020 \u00e0 Obernai de 10h \u00e0 17h-Pour plus dinformations voir le lien : http:strasbourg.curieux.netagendasortie?row69904 La Chambre-Espace dexposition et de formation \u00e0 limage-Tous droits r\u00e9serv\u00e9s Sinscrire \u00e0 la newsletter Restez inform\u00e9.e des prochains \u00e9v\u00e9nements Acc\u00e8s seulement par les \u00e9l\u00e8ves durant les heures de classe Vigipirate  Espace de Rencontres et dInformation Maison dAccueil des Patients et des Proches H\u00f4pital Albert CLARAC-<img decoding=\"async\" src=\"http:\/\/www.laplagedigitale.eu\/wp-content\/uploads\/2016\/11\/event_startups-mannalas_375_468509.jpg\" alt=\"espace rencontre strasbourg\" align=\"right\">, sur musees-strasbourg.org consult\u00e9 le 17 f\u00e9vrier 2020 Lastronaute am\u00e9ricain Buzz Aldrin lhomme qui a pos\u00e9 un pied sur la lune il y a 50 ans avec Neil Armstrong est \u00e0 dans la salle du Conseil de Strasbourg pour une conf\u00e9rence avec dautres astronautes et spationautes 20minutesstras 20minutesstras Strasbourg est lune des sept villes fran\u00e7aises poss\u00e9dant un, celui-ci r\u00e9side dans l, place Broglie. Juste en face se trouve le cercle mixte de garnison. Strasbourg est \u00e9galement lune des derni\u00e8res villes qui dispose dun ma\u00eetre bottier et dun ma\u00eetre. \ufe0f Info Covid-19 : Les visites continuent chez Morning Coworking, sur place en respectant gestes barri\u00e8res et mesures sanitaires sp\u00e9cifiques, ou \u00e0 distance en vid\u00e9o : Contacteznous au! T\u00e9l. : 33 03 88 32 74 69 \u00c0 qui sadresser pour y avoir acc\u00e8s? La r\u00e9ponse \u00e0 cette question vous a-t-elle \u00e9t\u00e9 utile?  299Ligue contre le Cancer-Comit\u00e9 des ALPES DE HAUTE PROVENCE.<\/p>\n","protected":false},"excerpt":{"rendered":"<p>espace rencontre strasbourg<\/p>\n","protected":false},"author":1,"featured_media":0,"comment_status":"closed","ping_status":"closed","sticky":false,"template":"","format":"standard","meta":{"footnotes":""},"categories":[1],"tags":[],"_links":{"self":[{"href":"http:\/\/demo.bkns.biz\/blog\/wp-json\/wp\/v2\/posts\/13693"}],"collection":[{"href":"http:\/\/demo.bkns.biz\/blog\/wp-json\/wp\/v2\/posts"}],"about":[{"href":"http:\/\/demo.bkns.biz\/blog\/wp-json\/wp\/v2\/types\/post"}],"author":[{"embeddable":true,"href":"http:\/\/demo.bkns.biz\/blog\/wp-json\/wp\/v2\/users\/1"}],"replies":[{"embeddable":true,"href":"http:\/\/demo.bkns.biz\/blog\/wp-json\/wp\/v2\/comments?post=13693"}],"version-history":[{"count":1,"href":"http:\/\/demo.bkns.biz\/blog\/wp-json\/wp\/v2\/posts\/13693\/revisions"}],"predecessor-version":[{"id":13694,"href":"http:\/\/demo.bkns.biz\/blog\/wp-json\/wp\/v2\/posts\/13693\/revisions\/13694"}],"wp:attachment":[{"href":"http:\/\/demo.bkns.biz\/blog\/wp-json\/wp\/v2\/media?parent=13693"}],"wp:term":[{"taxonomy":"category","embeddable":true,"href":"http:\/\/demo.bkns.biz\/blog\/wp-json\/wp\/v2\/categories?post=13693"},{"taxonomy":"post_tag","embeddable":true,"href":"http:\/\/demo.bkns.biz\/blog\/wp-json\/wp\/v2\/tags?post=13693"}],"curies":[{"name":"wp","href":"https:\/\/api.w.org\/{rel}","templated":true}]}}