{"id":13821,"date":"2020-10-17T10:51:09","date_gmt":"2020-10-17T10:51:09","guid":{"rendered":"http:\/\/demo.bkns.biz\/blog\/?p=13821"},"modified":"2020-10-05T23:15:28","modified_gmt":"2020-10-05T23:15:28","slug":"cuba-rencontre","status":"publish","type":"post","link":"http:\/\/demo.bkns.biz\/blog\/2020\/10\/17\/cuba-rencontre\/","title":{"rendered":"Cuba Rencontre"},"content":{"rendered":"<p>La Havane Vinales Valley Cienfuegos Trinidad Cayo Santa Maria   Mois de la culture fran\u00e7aise \u00e0 Cuba : une rencontre de cultures <img decoding=\"async\" src=\"http:\/\/archive.santegidio.org\/immagini\/varie\/papa_francesco_abbraccia_kirill_cuba_2016_4.jpeg\" alt=\"cuba rencontre\" align=\"center\"> <img decoding=\"async\" src=\"http:\/\/osmozvoyages.com\/media\/voyage_medias_260.jpg\" alt=\"cuba rencontre\" align=\"left\"> You are using Internet Explorer 6.0 or older to view the web. LA HAVANE Reuters-Le pape Fran\u00e7ois et le patriarche Cyrille, chef de lEglise orthodoxe russe, ont appel\u00e9 vendredi \u00e0 Cuba la communaut\u00e9 internationale \u00e0 agir pour mettre fin \u00e0 la pers\u00e9cution des chr\u00e9tiens au Proche-Orient. Avec la newsletter quotidienne du HuffPost, recevez par email les infos les plus importantes et les meilleurs articles du jour. <img decoding=\"async\" src=\"http:\/\/guidetrotteur.files.wordpress.com\/2013\/08\/marchc3a9-africain.jpg\" alt=\"cuba rencontre\" align=\"left\"> Cuba est un voyage plein de belles surprises o\u00f9 vos guides et h\u00f4tes sont pr\u00eats \u00e0 se plier en 4 pour vous faire plaisir. Les chevaux sont des amours autant que les gens. Le guide principal parle Fran\u00e7ais, ce qui est primordial pour la richesse des visites car personne ne parle autre chose que lespagnol. Pr\u00e9voir un.. Et dire que j\u00e9tais pass\u00e9 \u00e0 cot\u00e9 de cet article! Je viens de faire un Paris-La Havane Paris lespace de 10 minutes. Merci pour ce voyage : Choisissez votre formule dabonnement pour acc\u00e9der en illimit\u00e9 \u00e0 tout Mediapart. Rencontre du patriarche Cyrille et du pape Fran\u00e7ois \u00e0 Cuba  IL EST IMPERATIF DE FAIRE VALIDER VOS PLACES A LA CAISSE DU CINEMA AVANT DE RENTRER EN SALLE D\u00eener spectacle ou spectacle seulement aux fameux Cabaret Tropicana, incluant de bouteille de rhum par personne et deux liqueurs douces. Une longue journ\u00e9e \u00e9questre vous attend aujourdhui \u00e0 travers la Vall\u00e9e de los Ingenios en direction de la for\u00eat tropicale qui s\u00e9tend sur les flancs de la Sierra de lEscambray. Invit\u00e9 dhonneur de la manifestation Mea CUba, Amir Valle est n\u00e9 \u00e0 Guantanamo en 1967. Consid\u00e9r\u00e9 comme lun des \u00e9crivains cubains les plus importants, il est aujourdhui romancier, critique litt\u00e9raire et journaliste. Auteur de nouvelles et de romans policiers, il a re\u00e7u Le Prix Mario Vargas Llosa en 2006 pour Las palabras y los muertos. Il vit \u00e0 Berlin. Si cet aper\u00e7u a laiss\u00e9 na\u00eetre en vous un petit coup de coeur ce que jesp\u00e8re! : pour cette destination \u00e0 laquelle vous nauriez peut-\u00eatre pas song\u00e9 de prime abord et si, comme moi qui ne songe qu\u00e0 y revenir, vous d\u00e9sirez \u00e0 votre tour partir \u00e0 la rencontre de Cuba, je ne peux donc que vous inviter \u00e0 aller r\u00eaver devant ce que proposent les chouettes \u00e9quipes de concernant Cuba! Si leur site tout entier donne envie de boucler sa valise sur le champ, quon se lavoue, les id\u00e9es de circuits ne manquent pas dans ce cas-ci, et autant vous dire que cela naide en rien \u00e0 r\u00e9fr\u00e9ner mon envie de sauter dans un avion \u00e0 Montr\u00e9al pour y retourner Cavalerie extraordinaire, mais attention se sont des Criollos et il faut bien pr\u00e9ciser quils sont \u00e0 majorit\u00e9 au trot. Il est important de faire le trot assis. 1 Finca SALSA, 2 Finca MANCHAO,3 Finca MULATO Le berceau du petit est plus petit quelle, ses pieds sortent du berceau https:fr.sputniknews.compresse201602081021576121-patriarche-cyrille-pape-francois-cuba Dans la foul\u00e9e du rendez-vous fondateur entre Paul VI et Ath\u00e9nagoras en 1964 \u00e0 J\u00e9rusalem, de nombreuses rencontres et d\u00e9clarations communes ont d\u00e9j\u00e0 eu lieu entre un pape et le patriarche de Constantinople, th\u00e9oriquement chef spirituel du monde orthodoxe, mais qui na dautorit\u00e9 directe que sur 3,5 millions de fid\u00e8les.<\/p>\n","protected":false},"excerpt":{"rendered":"<p>cuba rencontre<\/p>\n","protected":false},"author":1,"featured_media":0,"comment_status":"closed","ping_status":"closed","sticky":false,"template":"","format":"standard","meta":{"footnotes":""},"categories":[1],"tags":[],"_links":{"self":[{"href":"http:\/\/demo.bkns.biz\/blog\/wp-json\/wp\/v2\/posts\/13821"}],"collection":[{"href":"http:\/\/demo.bkns.biz\/blog\/wp-json\/wp\/v2\/posts"}],"about":[{"href":"http:\/\/demo.bkns.biz\/blog\/wp-json\/wp\/v2\/types\/post"}],"author":[{"embeddable":true,"href":"http:\/\/demo.bkns.biz\/blog\/wp-json\/wp\/v2\/users\/1"}],"replies":[{"embeddable":true,"href":"http:\/\/demo.bkns.biz\/blog\/wp-json\/wp\/v2\/comments?post=13821"}],"version-history":[{"count":1,"href":"http:\/\/demo.bkns.biz\/blog\/wp-json\/wp\/v2\/posts\/13821\/revisions"}],"predecessor-version":[{"id":13822,"href":"http:\/\/demo.bkns.biz\/blog\/wp-json\/wp\/v2\/posts\/13821\/revisions\/13822"}],"wp:attachment":[{"href":"http:\/\/demo.bkns.biz\/blog\/wp-json\/wp\/v2\/media?parent=13821"}],"wp:term":[{"taxonomy":"category","embeddable":true,"href":"http:\/\/demo.bkns.biz\/blog\/wp-json\/wp\/v2\/categories?post=13821"},{"taxonomy":"post_tag","embeddable":true,"href":"http:\/\/demo.bkns.biz\/blog\/wp-json\/wp\/v2\/tags?post=13821"}],"curies":[{"name":"wp","href":"https:\/\/api.w.org\/{rel}","templated":true}]}}